{"id":247,"date":"2017-11-27T14:03:53","date_gmt":"2017-11-27T13:03:53","guid":{"rendered":"http:\/\/maciejpiasecki.info\/blog\/?p=247"},"modified":"2019-02-11T10:07:35","modified_gmt":"2019-02-11T09:07:35","slug":"mobil1-g2","status":"publish","type":"post","link":"https:\/\/maciejpiasecki.info\/blog\/mobil1-g2\/","title":{"rendered":"Mobil1 G2"},"content":{"rendered":"<p>Nowa wersja mobilnego systemu \u0142\u0105czno\u015bci ze \u015bwiatem ju\u017c w trakcie budowy.<\/p>\n<p>Podobnie jak wersja poprzednia zawiera wszystko co niezb\u0119dne. Zamiana podyktowana przede wszystkim dost\u0119pno\u015bci\u0105 miejsca i zmian\u0105 p\u0142yty z gniazdami SATA. Oczywi\u015bcie pe\u0142na automatyka, podyktowana systemem zasilania szczeg\u00f3lnie w aucie. R\u00f3wnie wa\u017cnym priorytetem jest opcja zasilania z dowolnego zasilacza ze wzgl\u0119du na trudne warunki instalacyjne w r\u00f3\u017cnych miejscach.<\/p>\n<p>Kilka fotek na szybko, tu\u017c przed instalacja oprogramowania.<\/p>\n<p style=\"text-align: center;\"><a href=\"http:\/\/maciejpiasecki.info\/blog\/wp-content\/uploads\/2017\/11\/IMG_4987.jpg\"><img loading=\"lazy\" decoding=\"async\" class=\"alignnone size-medium wp-image-251\" src=\"http:\/\/maciejpiasecki.info\/blog\/wp-content\/uploads\/2017\/11\/IMG_4987-300x200.jpg\" alt=\"\" width=\"300\" height=\"200\" srcset=\"https:\/\/maciejpiasecki.info\/blog\/wp-content\/uploads\/2017\/11\/IMG_4987-300x200.jpg 300w, https:\/\/maciejpiasecki.info\/blog\/wp-content\/uploads\/2017\/11\/IMG_4987-1024x683.jpg 1024w, https:\/\/maciejpiasecki.info\/blog\/wp-content\/uploads\/2017\/11\/IMG_4987-768x512.jpg 768w, https:\/\/maciejpiasecki.info\/blog\/wp-content\/uploads\/2017\/11\/IMG_4987-1536x1024.jpg 1536w, https:\/\/maciejpiasecki.info\/blog\/wp-content\/uploads\/2017\/11\/IMG_4987-2048x1365.jpg 2048w\" sizes=\"auto, (max-width: 300px) 100vw, 300px\" \/><\/a><\/p>\n<p style=\"text-align: center;\"><a href=\"http:\/\/maciejpiasecki.info\/blog\/wp-content\/uploads\/2017\/11\/IMG_4988.jpg\"><img loading=\"lazy\" decoding=\"async\" class=\"alignnone size-medium wp-image-252\" src=\"http:\/\/maciejpiasecki.info\/blog\/wp-content\/uploads\/2017\/11\/IMG_4988-300x200.jpg\" alt=\"\" width=\"300\" height=\"200\" srcset=\"https:\/\/maciejpiasecki.info\/blog\/wp-content\/uploads\/2017\/11\/IMG_4988-300x200.jpg 300w, https:\/\/maciejpiasecki.info\/blog\/wp-content\/uploads\/2017\/11\/IMG_4988-1024x683.jpg 1024w, https:\/\/maciejpiasecki.info\/blog\/wp-content\/uploads\/2017\/11\/IMG_4988-768x512.jpg 768w, https:\/\/maciejpiasecki.info\/blog\/wp-content\/uploads\/2017\/11\/IMG_4988-1536x1024.jpg 1536w, https:\/\/maciejpiasecki.info\/blog\/wp-content\/uploads\/2017\/11\/IMG_4988-2048x1365.jpg 2048w\" sizes=\"auto, (max-width: 300px) 100vw, 300px\" \/><\/a><\/p>\n<p style=\"text-align: center;\"><a href=\"http:\/\/maciejpiasecki.info\/blog\/wp-content\/uploads\/2017\/11\/IMG_4989.jpg\"><img loading=\"lazy\" decoding=\"async\" class=\"alignnone size-medium wp-image-253\" src=\"http:\/\/maciejpiasecki.info\/blog\/wp-content\/uploads\/2017\/11\/IMG_4989-300x200.jpg\" alt=\"\" width=\"300\" height=\"200\"\/><\/a><\/p>\n<p>Na zdj\u0119ciu wida\u0107 przej\u015bci\u00f3wk\u0119 umo\u017cliwiaj\u0105ca pod\u0142\u0105czenie do r\u00f3\u017cnych zasilaczy.<\/p>\n<p>Na wentylatory wygodniej by\u0142o przeznaczy\u0107 przestrze\u0144 na zewn\u0105trz obudowy, zawsze to znacznie utrudnia organizacj\u0119 miejsca wewn\u0105trz obudowy. W poprzedniej wersji by\u0142 wentylator 40&#215;40 i to ju\u017c by\u0142 powa\u017cny problem aby znale\u017a\u0107 miejsce dla niego.<\/p>\n<p><a href=\"http:\/\/maciejpiasecki.info\/blog\/wp-content\/uploads\/2017\/11\/IMG_5145.jpg\"><img loading=\"lazy\" decoding=\"async\" class=\"size-medium wp-image-264 aligncenter\" src=\"http:\/\/maciejpiasecki.info\/blog\/wp-content\/uploads\/2017\/11\/IMG_5145-300x200.jpg\" alt=\"\" width=\"300\" height=\"200\" srcset=\"https:\/\/maciejpiasecki.info\/blog\/wp-content\/uploads\/2017\/11\/IMG_5145-300x200.jpg 300w, https:\/\/maciejpiasecki.info\/blog\/wp-content\/uploads\/2017\/11\/IMG_5145-1024x683.jpg 1024w, https:\/\/maciejpiasecki.info\/blog\/wp-content\/uploads\/2017\/11\/IMG_5145-768x512.jpg 768w, https:\/\/maciejpiasecki.info\/blog\/wp-content\/uploads\/2017\/11\/IMG_5145-1536x1024.jpg 1536w, https:\/\/maciejpiasecki.info\/blog\/wp-content\/uploads\/2017\/11\/IMG_5145-2048x1365.jpg 2048w\" sizes=\"auto, (max-width: 300px) 100vw, 300px\" \/><\/a><\/p>\n<p><a href=\"http:\/\/maciejpiasecki.info\/blog\/wp-content\/uploads\/2017\/11\/IMG_5144.jpg\"><img loading=\"lazy\" decoding=\"async\" class=\"size-medium wp-image-265 aligncenter\" src=\"http:\/\/maciejpiasecki.info\/blog\/wp-content\/uploads\/2017\/11\/IMG_5144-300x200.jpg\" alt=\"\" width=\"300\" height=\"200\" srcset=\"https:\/\/maciejpiasecki.info\/blog\/wp-content\/uploads\/2017\/11\/IMG_5144-300x200.jpg 300w, https:\/\/maciejpiasecki.info\/blog\/wp-content\/uploads\/2017\/11\/IMG_5144-1024x683.jpg 1024w, https:\/\/maciejpiasecki.info\/blog\/wp-content\/uploads\/2017\/11\/IMG_5144-768x512.jpg 768w, https:\/\/maciejpiasecki.info\/blog\/wp-content\/uploads\/2017\/11\/IMG_5144-1536x1024.jpg 1536w, https:\/\/maciejpiasecki.info\/blog\/wp-content\/uploads\/2017\/11\/IMG_5144-2048x1365.jpg 2048w\" sizes=\"auto, (max-width: 300px) 100vw, 300px\" \/><\/a><\/p>\n<p>Konstrukcja jest oparta na platformie Intel Atom kt\u00f3ra wsp\u00f3\u0142pracuje z dyskiem M2 &#8211; zestaw pracuje b\u0142yskawicznie. Ca\u0142o\u015b\u0107 zasilana jest w nietypowy spos\u00f3b. Na pocz\u0105tku jest przetwornica kt\u00f3ra robi 12V z dowolnego \u017ar\u00f3d\u0142a w zakresie 6-50V, p\u00f3\u017aniej jest zasilacz ITX. Takie rozwi\u0105zanie jest podyktowane potrzeb\u0105 zasilenia gdziekolwiek z czegokolwiek. Dodatkowo aktywowane z sekwencji zdarze\u0144 i\/lub za pomoc\u0105 Bluetooth i skryptu w telefonie.<br \/>\nFunkcjonalno\u015bci sprz\u0119towe kt\u00f3re ju\u017c s\u0105 to: AP, GPS, LTE, bluetooth.<\/p>\n<p>Systemem zarz\u0105dzaj\u0105cym jest oczywi\u015bcie rozwi\u0105zanie oparte na Open Source. Aktualnie Debian w wersji 8.<\/p>\n<p>Lista cz\u0119\u015bci<\/p>\n<ul>\n<li>P\u0142yta + rizer<\/li>\n<li>Zasilacze<\/li>\n<li>Dysk -&gt; sata<\/li>\n<li>Wentylator + sterowanie<\/li>\n<li>Karta sieciowa + antena<\/li>\n<li>Bluetooth<\/li>\n<li>GPS<\/li>\n<li>LTE + antena<\/li>\n<li>Wygl\u0105d<\/li>\n<li>Zabezpieczenia<\/li>\n<\/ul>\n<p>Konfiguracja<\/p>\n<p>Dostawcy<\/p>\n<p>Rysunki i schematy<\/p>\n","protected":false},"excerpt":{"rendered":"<p>Nowa wersja mobilnego systemu \u0142\u0105czno\u015bci ze \u015bwiatem ju\u017c w trakcie budowy. Podobnie jak wersja poprzednia zawiera wszystko co niezb\u0119dne. Zamiana podyktowana przede wszystkim dost\u0119pno\u015bci\u0105 miejsca i zmian\u0105&#8230; <\/p>\n","protected":false},"author":1,"featured_media":0,"comment_status":"open","ping_status":"open","sticky":false,"template":"","format":"standard","meta":{"footnotes":""},"categories":[1,15,5],"tags":[74,75,73],"class_list":["post-247","post","type-post","status-publish","format-standard","hentry","category-bez-kategorii","category-elektronika","category-it","tag-g2","tag-lte","tag-mobil1"],"_links":{"self":[{"href":"https:\/\/maciejpiasecki.info\/blog\/wp-json\/wp\/v2\/posts\/247","targetHints":{"allow":["GET"]}}],"collection":[{"href":"https:\/\/maciejpiasecki.info\/blog\/wp-json\/wp\/v2\/posts"}],"about":[{"href":"https:\/\/maciejpiasecki.info\/blog\/wp-json\/wp\/v2\/types\/post"}],"author":[{"embeddable":true,"href":"https:\/\/maciejpiasecki.info\/blog\/wp-json\/wp\/v2\/users\/1"}],"replies":[{"embeddable":true,"href":"https:\/\/maciejpiasecki.info\/blog\/wp-json\/wp\/v2\/comments?post=247"}],"version-history":[{"count":14,"href":"https:\/\/maciejpiasecki.info\/blog\/wp-json\/wp\/v2\/posts\/247\/revisions"}],"predecessor-version":[{"id":422,"href":"https:\/\/maciejpiasecki.info\/blog\/wp-json\/wp\/v2\/posts\/247\/revisions\/422"}],"wp:attachment":[{"href":"https:\/\/maciejpiasecki.info\/blog\/wp-json\/wp\/v2\/media?parent=247"}],"wp:term":[{"taxonomy":"category","embeddable":true,"href":"https:\/\/maciejpiasecki.info\/blog\/wp-json\/wp\/v2\/categories?post=247"},{"taxonomy":"post_tag","embeddable":true,"href":"https:\/\/maciejpiasecki.info\/blog\/wp-json\/wp\/v2\/tags?post=247"}],"curies":[{"name":"wp","href":"https:\/\/api.w.org\/{rel}","templated":true}]}}